[{"@context":"https:\/\/schema.org\/","@type":"Article","@id":"https:\/\/www.bebel.cz\/znackove-obleceni-za-hubicku\/#Article","mainEntityOfPage":"https:\/\/www.bebel.cz\/znackove-obleceni-za-hubicku\/","headline":"Zna\u010dkov\u00e9 oble\u010den\u00ed za hubi\u010dku","name":"Zna\u010dkov\u00e9 oble\u010den\u00ed za hubi\u010dku","description":"R\u00e1di byste svou prodejnu naskladnili n\u011bjak\u00fdm p\u011bkn\u00fdm a m\u00f3dn\u00edm textilem? Pokud chcete, abyste sv\u00fdm z\u00e1kazn\u00edk\u016fm mohli nab\u00edzet neust\u00e1le to nejaktu\u00e1ln\u011bj\u0161\u00ed a p\u0159itom nejkvalitn\u011bj\u0161\u00ed, tak je","datePublished":"2023-12-11","dateModified":"2023-12-11","author":{"@type":"Person","@id":"https:\/\/www.bebel.cz\/author\/devene\/#Person","name":"devene","url":"https:\/\/www.bebel.cz\/author\/devene\/","identifier":1,"image":{"@type":"ImageObject","@id":"https:\/\/secure.gravatar.com\/avatar\/4eaadff62661a2c38386085c87f88f683e575f9fda122ff8560bf1208996f3c5?s=96&d=mm&r=g","url":"https:\/\/secure.gravatar.com\/avatar\/4eaadff62661a2c38386085c87f88f683e575f9fda122ff8560bf1208996f3c5?s=96&d=mm&r=g","height":96,"width":96}},"publisher":{"@type":"Organization","name":"bebel.cz","logo":{"@type":"ImageObject","@id":"\/logo.png","url":"\/logo.png","width":600,"height":60}},"url":"https:\/\/www.bebel.cz\/znackove-obleceni-za-hubicku\/","wordCount":237,"articleBody":"R\u00e1di byste svou prodejnu naskladnili n\u011bjak\u00fdm p\u011bkn\u00fdm a m\u00f3dn\u00edm textilem? Pokud chcete, abyste sv\u00fdm z\u00e1kazn\u00edk\u016fm mohli nab\u00edzet neust\u00e1le to nejaktu\u00e1ln\u011bj\u0161\u00ed a p\u0159itom nejkvalitn\u011bj\u0161\u00ed, tak je pot\u0159eba, abyste za\u010dali spolupracovat s jedn\u00edm anebo klidn\u011b oce dodavateli. Jestli\u017ee si ale zakl\u00e1d\u00e1te na individu\u00e1ln\u00ed a vst\u0159\u00edcn\u00e9m jedn\u00e1n\u00edm, snadn\u00e9m a rychl\u00e9m dod\u00e1n\u00ed textilu a tak\u00e9 na kvalitn\u00edch produktech, tak to m\u00e1te jednoduch\u00e9. Nemus\u00edte nic slo\u017eit\u011b vyhled\u00e1vat, sta\u010d\u00ed pouze kontaktovat n\u00e1\u0161 a n\u00e1\u0161 osv\u011bd\u010den\u00fd velkoobchod oble\u010den\u00ed. M\u016f\u017eete od n\u00e1s o\u010dek\u00e1vat, \u017ee v\u00e1m nab\u00eddneme \u0161irokou nab\u00eddku textilu jak pro mu\u017ee, tak i pro \u017eeny, stejn\u011b tak jako pro ty nejmen\u0161\u00ed, tedy pro d\u011bti. Budete moct svou prodejnu zaplnit kvalitn\u00edmi produkty, kter\u00e9 budou st\u00e1t za to.\tSpousta r\u016fzn\u00fdch kousk\u016fJak\u00e9 konkr\u00e9tn\u00ed kousky u n\u00e1s m\u016f\u017eete objevit? Nab\u00edz\u00edme z\u00e1kladn\u00ed tri\u010dka, kalhoty, bund, mikiny, py\u017eam, \u017eupany, tepl\u00e1ky anebo t\u0159eba d\u017e\u00edny, zkr\u00e1tka v\u0161e co se nos\u00ed a o co b mohl b\u00fdt z\u00e1jem. Je tedy jen a jen na va\u0161em zv\u00e1\u017een\u00ed, jak\u00e9 kousky si po\u0159\u00edd\u00edte, v jak\u00fdch barv\u00e1ch, velikostech a tak podobn\u011b.                                                                                                                                                                                                                                                                                                                                                                                        4.5\/5 - (8 votes)        "},{"@context":"https:\/\/schema.org\/","@type":"BreadcrumbList","itemListElement":[{"@type":"ListItem","position":1,"name":"Zna\u010dkov\u00e9 oble\u010den\u00ed za hubi\u010dku","item":"https:\/\/www.bebel.cz\/znackove-obleceni-za-hubicku\/#breadcrumbitem"}]}]