[{"@context":"https:\/\/schema.org\/","@type":"Article","@id":"https:\/\/www.bebel.cz\/zajimava-politika\/#Article","mainEntityOfPage":"https:\/\/www.bebel.cz\/zajimava-politika\/","headline":"Zaj\u00edmav\u00e1 politika","name":"Zaj\u00edmav\u00e1 politika","description":"Pamatuj si, jak jsem m\u011bla p\u0159ed rokem sv\u00e9 prvn\u00ed rande, a to po dlouh\u00e9 dob\u011b. Byla jsem opravdu velmi dlouho sama. Sama jsem byla skoro","datePublished":"2022-04-27","dateModified":"2022-04-27","author":{"@type":"Person","@id":"https:\/\/www.bebel.cz\/author\/devene\/#Person","name":"devene","url":"https:\/\/www.bebel.cz\/author\/devene\/","identifier":1,"image":{"@type":"ImageObject","@id":"https:\/\/secure.gravatar.com\/avatar\/4eaadff62661a2c38386085c87f88f683e575f9fda122ff8560bf1208996f3c5?s=96&d=mm&r=g","url":"https:\/\/secure.gravatar.com\/avatar\/4eaadff62661a2c38386085c87f88f683e575f9fda122ff8560bf1208996f3c5?s=96&d=mm&r=g","height":96,"width":96}},"publisher":{"@type":"Organization","name":"bebel.cz","logo":{"@type":"ImageObject","@id":"\/logo.png","url":"\/logo.png","width":600,"height":60}},"image":{"@type":"ImageObject","@id":"https:\/\/www.bebel.cz\/wp-content\/uploads\/putin-2847423_960_720_1.jpg","url":"https:\/\/www.bebel.cz\/wp-content\/uploads\/putin-2847423_960_720_1.jpg","height":0,"width":0},"url":"https:\/\/www.bebel.cz\/zajimava-politika\/","about":["Politika"],"wordCount":442,"articleBody":"Pamatuj si, jak jsem m\u011bla p\u0159ed rokem sv\u00e9 prvn\u00ed rande, a to po dlouh\u00e9 dob\u011b. Byla jsem opravdu velmi dlouho sama. Sama jsem byla skoro p\u011bt let. Kdy\u017e jsem se roze\u0161la s m\u00fdm b\u00fdval\u00fdm p\u0159\u00edtelem, bylo to opravdu bou\u0159liv\u00e9. Uk\u00e1plo mi tolik soust, \u017ee bych to ani nespo\u010d\u00edtala. Jednu dobu jsem toho sv\u00e9ho b\u00fdval\u00e9ho p\u0159\u00edtele \u00fapln\u011b nen\u00e1vid\u011bla, jednu dobu jsem zase bre\u010dela, \u017ee bych ho cht\u011bla zp\u011bt. Na\u0161t\u011bst\u00ed asi po p\u016fl roce se to v\u0161echno ust\u00e1lilo a j\u00e1 bych \u00fapln\u011b toho sv\u00e9ho b\u00fdval\u00e9ho partnera nejrad\u011bji neznala. A nesn\u00e1\u0161\u00edm ho a nen\u00e1vid\u00edm, tak\u017ee jsem si \u0159ekla, \u017ee rad\u011bji budu sama. Sama jsem dok\u00e1zal b\u00fdt dlouho, a to opravdu skoro p\u011bt let a v\u016fbec mi to nechyb\u011blo.Partner mi chyb\u011bl akor\u00e1t pouze rok, jenom\u017ee potom jsem si zvykla. Potom jsem se rad\u011bji zaj\u00edmala o knihy a taky o zv\u00ed\u0159ata a zaj\u00edmala jsem se taky o politiku. Musela jsem si naj\u00edt opravdu mnoho kon\u00ed\u010dk\u016f a z\u00e1lib, abych se nec\u00edtila tak osam\u011bl\u00e1 a m\u011bla st\u00e1le co d\u011blat. A mimo m\u00e9ho obl\u00edben\u00e9ho va\u0159en\u00ed jsem si po\u0159\u00eddila tak\u00e9 knihu o politice. A to byla m\u011b hlavn\u011b sv\u011btov\u00e1 politika, proto\u017ee to byla zaj\u00edmav\u011bj\u0161\u00ed ne\u017e to na\u0161e v \u010cesku. R\u00e1da se taky zaj\u00edmalo evropskou komisi, proto\u017ee je to podle m\u00e9ho n\u00e1zoru zaj\u00edmav\u00e9. A v\u00e1s by to nezaj\u00edmalo? V\u017edy\u0165 p\u0159ece politika ovliv\u0148uje n\u00e1s v\u0161echny. A to v\u010detn\u011b ekonomick\u00fdch sm\u011br\u016f a taky norm\u00e1ln\u00edch pracuj\u00edc\u00edch lid\u00ed, a to kv\u016fli dan\u00edm. Zaj\u00edm\u00e1te se tak\u00e9 o politiku? Nebo v\u00e1s politika nech\u00e1v\u00e1 chladn\u00fdm? Je toti\u017e mnoho lid\u00ed a n\u00e1zoru, kte\u0159\u00ed maj\u00ed na politiku odli\u0161n\u00fd n\u00e1zor a taky pohled. J\u00e1 si mysl\u00edm, \u017ee ka\u017ed\u00fd \u010dlov\u011bk by m\u011bl vid\u011bt alespo\u0148 z\u00e1klady o politice. Nebo vy si to\u00a0nemysl\u00edte?\u00a0V\u00edm, \u017ee mnoho lid\u00ed politiku\u00a0opravdu\u00a0nem\u00e1 r\u00e1do nebo ji p\u0159\u00edmo nesn\u00e1\u0161\u00ed. Ale na jejich obhajobu bych zase \u0159ekla, \u017ee se jim n\u011bkdy\u00a0ani\u00a0nediv\u00edm. A to hlavn\u011b nyn\u00ed, v dne\u0161n\u00ed dob\u011b. Je to\u00a0opravdu\u00a0velmi slo\u017eit\u00e9m,\u00a0jak\u00a0se\u00a0politici h\u00e1daj\u00ed. Moje babi\u010dka v\u017edycky \u0159\u00edk\u00e1, \u017ee v politice je to jako ve dvacetilet\u00e9m man\u017eelstv\u00ed.\u00a0                                                                                                                                                                                                                                                                                                                                                                                        3.7\/5 - (4 votes)        "},{"@context":"https:\/\/schema.org\/","@type":"BreadcrumbList","itemListElement":[{"@type":"ListItem","position":1,"name":"Zaj\u00edmav\u00e1 politika","item":"https:\/\/www.bebel.cz\/zajimava-politika\/#breadcrumbitem"}]}]