[{"@context":"https:\/\/schema.org\/","@type":"Article","@id":"https:\/\/www.bebel.cz\/vylet-do-krusnych-hor-s-vozem-z-prazske-autopujcovny\/#Article","mainEntityOfPage":"https:\/\/www.bebel.cz\/vylet-do-krusnych-hor-s-vozem-z-prazske-autopujcovny\/","headline":"V\u00fdlet do Kru\u0161n\u00fdch hor s vozem z pra\u017esk\u00e9 autop\u016fj\u010dovny","name":"V\u00fdlet do Kru\u0161n\u00fdch hor s vozem z pra\u017esk\u00e9 autop\u016fj\u010dovny","description":"O\u010dek\u00e1v\u00e1te vz\u00e1cnou n\u00e1v\u0161t\u011bvu ze zahrani\u010d\u00ed a cht\u011bli byste j\u00ed p\u0159ekvapit n\u011b\u010d\u00edm v\u00fdjime\u010dn\u00fdm, nap\u0159\u00edklad v\u00fdletem autem z p\u016fj\u010dovny aut Praha mimo Prahu do m\u00edst, kde to","datePublished":"2023-12-26","dateModified":"2023-12-26","author":{"@type":"Person","@id":"https:\/\/www.bebel.cz\/author\/devene\/#Person","name":"devene","url":"https:\/\/www.bebel.cz\/author\/devene\/","identifier":1,"image":{"@type":"ImageObject","@id":"https:\/\/secure.gravatar.com\/avatar\/4eaadff62661a2c38386085c87f88f683e575f9fda122ff8560bf1208996f3c5?s=96&d=mm&r=g","url":"https:\/\/secure.gravatar.com\/avatar\/4eaadff62661a2c38386085c87f88f683e575f9fda122ff8560bf1208996f3c5?s=96&d=mm&r=g","height":96,"width":96}},"publisher":{"@type":"Organization","name":"bebel.cz","logo":{"@type":"ImageObject","@id":"\/logo.png","url":"\/logo.png","width":600,"height":60}},"image":{"@type":"ImageObject","@id":"https:\/\/www.bebel.cz\/wp-content\/uploads\/inversion-1829335_640.jpg","url":"https:\/\/www.bebel.cz\/wp-content\/uploads\/inversion-1829335_640.jpg","height":0,"width":0},"url":"https:\/\/www.bebel.cz\/vylet-do-krusnych-hor-s-vozem-z-prazske-autopujcovny\/","about":["Business"],"wordCount":421,"articleBody":"        O\u010dek\u00e1v\u00e1te vz\u00e1cnou n\u00e1v\u0161t\u011bvu ze zahrani\u010d\u00ed a cht\u011bli byste j\u00ed p\u0159ekvapit n\u011b\u010d\u00edm v\u00fdjime\u010dn\u00fdm, nap\u0159\u00edklad v\u00fdletem autem z p\u016fj\u010dovny aut Praha mimo Prahu do m\u00edst, kde to va\u0161i p\u0159\u00e1tel\u00e9 je\u0161t\u011b neznaj\u00ed? Mo\u017en\u00e1 v\u00e1s v tuto chv\u00edli napadne, \u017ee m\u00e1me na mysli hrad Karl\u0161tejn, z\u00e1mek \u010cerven\u00e1 Lhota, m\u011bstskou pam\u00e1tkovou rezervaci v \u010cesk\u00e9m Krumlov\u011b a podobn\u00e9 pam\u00e1tkov\u00e9 objekty, co jsou vyti\u0161t\u011bn\u00e9 snad v ka\u017ed\u00e9m turistick\u00e9m pr\u016fvodci, ale tentokr\u00e1t v\u00e1s p\u0159ekvap\u00edme n\u011b\u010d\u00edm zcela neo\u010dek\u00e1van\u00fdm. Co\u017e takhle se vypravit z Prahy do Karlov\u00fdch Var\u016f a pot\u00e9 vystoupat a\u017e k nejvy\u0161\u0161\u00edmu vrcholu Kru\u0161n\u00fdch hor?Kru\u0161n\u00e9 hory byly za socialismu v\u00fdrazn\u011b zasa\u017een\u00e9 pr\u016fmyslov\u00fdmi exhalacemi, co\u017e se tak\u00e9 projevilo odum\u00edr\u00e1n\u00edm lesn\u00edho porostu. Na toto t\u00e9ma se zam\u011b\u0159il kr\u00e1tkometr\u00e1\u017en\u00ed film Jana Sv\u011br\u00e1ka s n\u00e1zvem \u201eRop\u00e1ci\u201c, s velmi tvrdou kritikou tehdej\u0161\u00edho p\u0159\u00edstupu k \u017eivotn\u00edmu prost\u0159ed\u00ed, ov\u0161em doba se zm\u011bnila a dnes byste mnoh\u00e1 m\u00edsta, kde t\u011b\u017eilo hn\u011bd\u00e9 uhl\u00ed, ani nepoznali. Kru\u0161n\u00e9 hory dnes obl\u00e9kaj\u00ed nov\u00fd kab\u00e1t a to tak\u00e9 l\u00e1k\u00e1 mnoho n\u00e1v\u0161t\u011bvn\u00edk\u016f z tuzemska i ze zahrani\u010d\u00ed.A kam se do Kru\u0161n\u00fdch hor vypravit? Doporu\u010dit bychom v\u00e1m mohli zejm\u00e9na za slune\u010dn\u00e9ho po\u010das\u00ed vyhl\u00eddkovou terasu rozhledny na vrcholu Kl\u00ednovce. Tam vystoup\u00e1te skrze l\u00e1ze\u0148sk\u00e9 letovisko J\u00e1chymov a nejv\u00fd\u0161e polo\u017een\u00e9 m\u011bsto v \u010cesk\u00e9 republice Bo\u017e\u00ed Dar. M\u016f\u017eete tak\u00e9 absolvovat j\u00edzdu seda\u010dkovou lanovkou z J\u00e1chymova a vyhnout se horsk\u00fdm silni\u010dn\u00edm serpentin\u00e1m. D\u00e1le v\u00e1m doporu\u010dujeme horskou malebnou obec Kov\u00e1\u0159sk\u00e1, s m\u00edstn\u00ed osv\u011btlenou sjezdovkou a hotelem Central, Lou\u010dnou pod Kl\u00ednovcem, Nov\u00e9 Hamry a rozhlednu na Ple\u0161ivci.Na zp\u00e1te\u010dn\u00ed cest\u011b byste si mohli prohl\u00e9dnout karlovarsk\u00e9 centrum a zav\u00edtat do hotelov\u00e9ho baz\u00e9nu hotelu Thermal, kter\u00fd se nach\u00e1z\u00ed na jeho st\u0159e\u0161e, odkud je tak\u00e9 fantastick\u00fd v\u00fdhled do okol\u00ed. Baz\u00e9n byl vybudov\u00e1n ji\u017e za socialismu a nav\u0161t\u011bvovali jej i lid\u00e9 v zimn\u00edch m\u011bs\u00edc\u00edch, kte\u0159\u00ed se vraceli ze sobotn\u00edho ly\u017eov\u00e1n\u00ed na Kl\u00ednovci.                                                                                                                                                                                                                                                                                                                                                                                          4.4\/5 - (11 votes)        "},{"@context":"https:\/\/schema.org\/","@type":"BreadcrumbList","itemListElement":[{"@type":"ListItem","position":1,"name":"V\u00fdlet do Kru\u0161n\u00fdch hor s vozem z pra\u017esk\u00e9 autop\u016fj\u010dovny","item":"https:\/\/www.bebel.cz\/vylet-do-krusnych-hor-s-vozem-z-prazske-autopujcovny\/#breadcrumbitem"}]}]