{"@context":"https:\/\/schema.org\/","@type":"CollectionPage","@id":"https:\/\/www.bebel.cz\/produkty\/#CollectionPage","headline":"Produkty Category","description":"","url":"https:\/\/www.bebel.cz\/produkty\/","hasPart":[{"@type":"Article","@id":"https:\/\/www.bebel.cz\/moda-pro-muze-a-zeny\/","headline":"M\u00f3da pro mu\u017ee a \u017eeny","url":"https:\/\/www.bebel.cz\/moda-pro-muze-a-zeny\/","datePublished":"2023-12-29","dateModified":"2024-01-29","mainEntityOfPage":"https:\/\/www.bebel.cz\/moda-pro-muze-a-zeny\/","author":{"@type":"Person","@id":"https:\/\/www.bebel.cz\/author\/devene\/#Person","name":"devene","url":"https:\/\/www.bebel.cz\/author\/devene\/","identifier":1,"image":{"@type":"ImageObject","@id":"https:\/\/secure.gravatar.com\/avatar\/4eaadff62661a2c38386085c87f88f683e575f9fda122ff8560bf1208996f3c5?s=96&d=mm&r=g","url":"https:\/\/secure.gravatar.com\/avatar\/4eaadff62661a2c38386085c87f88f683e575f9fda122ff8560bf1208996f3c5?s=96&d=mm&r=g","height":96,"width":96}},"publisher":{"@type":"Organization","name":"bebel.cz","logo":{"@type":"ImageObject","@id":"\/logo.png","url":"\/logo.png","width":600,"height":60}},"image":{"@type":"ImageObject","@id":"https:\/\/www.bebel.cz\/wp-content\/uploads\/adult-315337_1280.jpg","url":"https:\/\/www.bebel.cz\/wp-content\/uploads\/adult-315337_1280.jpg","height":0,"width":0},"keywords":null},{"@type":"Article","@id":"https:\/\/www.bebel.cz\/bazen-na-osvezeni\/","headline":"Baz\u00e9n na osv\u011b\u017een\u00ed","url":"https:\/\/www.bebel.cz\/bazen-na-osvezeni\/","datePublished":"2023-09-26","dateModified":"2023-10-26","mainEntityOfPage":"https:\/\/www.bebel.cz\/bazen-na-osvezeni\/","author":{"@type":"Person","@id":"https:\/\/www.bebel.cz\/author\/devene\/#Person","name":"devene","url":"https:\/\/www.bebel.cz\/author\/devene\/","identifier":1,"image":{"@type":"ImageObject","@id":"https:\/\/secure.gravatar.com\/avatar\/4eaadff62661a2c38386085c87f88f683e575f9fda122ff8560bf1208996f3c5?s=96&d=mm&r=g","url":"https:\/\/secure.gravatar.com\/avatar\/4eaadff62661a2c38386085c87f88f683e575f9fda122ff8560bf1208996f3c5?s=96&d=mm&r=g","height":96,"width":96}},"publisher":{"@type":"Organization","name":"bebel.cz","logo":{"@type":"ImageObject","@id":"\/logo.png","url":"\/logo.png","width":600,"height":60}},"image":{"@type":"ImageObject","@id":"https:\/\/www.bebel.cz\/wp-content\/uploads\/pool-5055009_1280.jpg","url":"https:\/\/www.bebel.cz\/wp-content\/uploads\/pool-5055009_1280.jpg","height":0,"width":0},"keywords":null},{"@type":"Article","@id":"https:\/\/www.bebel.cz\/vytvorte-si-vence-ze-susenych-ruzi-a-stabilizovaneho-mechu\/","headline":"Vytvo\u0159te si v\u011bnce ze su\u0161en\u00fdch r\u016f\u017e\u00ed a stabilizovan\u00e9ho mechu","url":"https:\/\/www.bebel.cz\/vytvorte-si-vence-ze-susenych-ruzi-a-stabilizovaneho-mechu\/","datePublished":"2023-06-29","dateModified":"2023-06-30","mainEntityOfPage":"https:\/\/www.bebel.cz\/vytvorte-si-vence-ze-susenych-ruzi-a-stabilizovaneho-mechu\/","author":{"@type":"Person","@id":"https:\/\/www.bebel.cz\/author\/devene\/#Person","name":"devene","url":"https:\/\/www.bebel.cz\/author\/devene\/","identifier":1,"image":{"@type":"ImageObject","@id":"https:\/\/secure.gravatar.com\/avatar\/4eaadff62661a2c38386085c87f88f683e575f9fda122ff8560bf1208996f3c5?s=96&d=mm&r=g","url":"https:\/\/secure.gravatar.com\/avatar\/4eaadff62661a2c38386085c87f88f683e575f9fda122ff8560bf1208996f3c5?s=96&d=mm&r=g","height":96,"width":96}},"publisher":{"@type":"Organization","name":"bebel.cz","logo":{"@type":"ImageObject","@id":"\/logo.png","url":"\/logo.png","width":600,"height":60}},"image":{"@type":"ImageObject","@id":"https:\/\/www.bebel.cz\/wp-content\/uploads\/rosebud-2545642_640.jpg","url":"https:\/\/www.bebel.cz\/wp-content\/uploads\/rosebud-2545642_640.jpg","height":0,"width":0},"keywords":null},{"@type":"Article","@id":"https:\/\/www.bebel.cz\/bazenova-plachta-neni-zbytecnou-investici\/","headline":"Baz\u00e9nov\u00e1 plachta nen\u00ed zbyte\u010dnou investic\u00ed","url":"https:\/\/www.bebel.cz\/bazenova-plachta-neni-zbytecnou-investici\/","datePublished":"2023-06-27","dateModified":"2023-07-27","mainEntityOfPage":"https:\/\/www.bebel.cz\/bazenova-plachta-neni-zbytecnou-investici\/","author":{"@type":"Person","@id":"https:\/\/www.bebel.cz\/author\/devene\/#Person","name":"devene","url":"https:\/\/www.bebel.cz\/author\/devene\/","identifier":1,"image":{"@type":"ImageObject","@id":"https:\/\/secure.gravatar.com\/avatar\/4eaadff62661a2c38386085c87f88f683e575f9fda122ff8560bf1208996f3c5?s=96&d=mm&r=g","url":"https:\/\/secure.gravatar.com\/avatar\/4eaadff62661a2c38386085c87f88f683e575f9fda122ff8560bf1208996f3c5?s=96&d=mm&r=g","height":96,"width":96}},"publisher":{"@type":"Organization","name":"bebel.cz","logo":{"@type":"ImageObject","@id":"\/logo.png","url":"\/logo.png","width":600,"height":60}},"image":{"@type":"ImageObject","@id":"https:\/\/www.bebel.cz\/wp-content\/uploads\/water-1047257_640.jpg","url":"https:\/\/www.bebel.cz\/wp-content\/uploads\/water-1047257_640.jpg","height":0,"width":0},"keywords":null},{"@type":"Article","@id":"https:\/\/www.bebel.cz\/bud-svudna-na-plese\/","headline":"Bu\u010f sv\u016fdn\u00e1 na plese","url":"https:\/\/www.bebel.cz\/bud-svudna-na-plese\/","datePublished":"2023-06-19","dateModified":"2023-06-19","mainEntityOfPage":"https:\/\/www.bebel.cz\/bud-svudna-na-plese\/","author":{"@type":"Person","@id":"https:\/\/www.bebel.cz\/author\/devene\/#Person","name":"devene","url":"https:\/\/www.bebel.cz\/author\/devene\/","identifier":1,"image":{"@type":"ImageObject","@id":"https:\/\/secure.gravatar.com\/avatar\/4eaadff62661a2c38386085c87f88f683e575f9fda122ff8560bf1208996f3c5?s=96&d=mm&r=g","url":"https:\/\/secure.gravatar.com\/avatar\/4eaadff62661a2c38386085c87f88f683e575f9fda122ff8560bf1208996f3c5?s=96&d=mm&r=g","height":96,"width":96}},"publisher":{"@type":"Organization","name":"bebel.cz","logo":{"@type":"ImageObject","@id":"\/logo.png","url":"\/logo.png","width":600,"height":60}},"image":{"@type":"ImageObject","@id":"https:\/\/www.bebel.cz\/wp-content\/uploads\/pexels-photo-1148957_1.jpeg","url":"https:\/\/www.bebel.cz\/wp-content\/uploads\/pexels-photo-1148957_1.jpeg","height":0,"width":0},"keywords":null},{"@type":"Article","@id":"https:\/\/www.bebel.cz\/dejte-sanci-obleceni-z-druhe-ruky\/","headline":"Dejte \u0161anci oble\u010den\u00ed z druh\u00e9 ruky","url":"https:\/\/www.bebel.cz\/dejte-sanci-obleceni-z-druhe-ruky\/","datePublished":"2023-05-27","dateModified":"2023-05-27","mainEntityOfPage":"https:\/\/www.bebel.cz\/dejte-sanci-obleceni-z-druhe-ruky\/","author":{"@type":"Person","@id":"https:\/\/www.bebel.cz\/author\/devene\/#Person","name":"devene","url":"https:\/\/www.bebel.cz\/author\/devene\/","identifier":1,"image":{"@type":"ImageObject","@id":"https:\/\/secure.gravatar.com\/avatar\/4eaadff62661a2c38386085c87f88f683e575f9fda122ff8560bf1208996f3c5?s=96&d=mm&r=g","url":"https:\/\/secure.gravatar.com\/avatar\/4eaadff62661a2c38386085c87f88f683e575f9fda122ff8560bf1208996f3c5?s=96&d=mm&r=g","height":96,"width":96}},"publisher":{"@type":"Organization","name":"bebel.cz","logo":{"@type":"ImageObject","@id":"\/logo.png","url":"\/logo.png","width":600,"height":60}},"image":{"@type":"ImageObject","@id":"https:\/\/www.bebel.cz\/wp-content\/uploads\/waldemar-GbveIG8YKMk-unsplash_2.jpg","url":"https:\/\/www.bebel.cz\/wp-content\/uploads\/waldemar-GbveIG8YKMk-unsplash_2.jpg","height":0,"width":0},"keywords":null},{"@type":"Article","@id":"https:\/\/www.bebel.cz\/ozdoba-i-prakticka-vec\/","headline":"Ozdoba i praktick\u00e1 v\u011bc","url":"https:\/\/www.bebel.cz\/ozdoba-i-prakticka-vec\/","datePublished":"2023-05-20","dateModified":"2023-09-21","mainEntityOfPage":"https:\/\/www.bebel.cz\/ozdoba-i-prakticka-vec\/","author":{"@type":"Person","@id":"https:\/\/www.bebel.cz\/author\/devene\/#Person","name":"devene","url":"https:\/\/www.bebel.cz\/author\/devene\/","identifier":1,"image":{"@type":"ImageObject","@id":"https:\/\/secure.gravatar.com\/avatar\/4eaadff62661a2c38386085c87f88f683e575f9fda122ff8560bf1208996f3c5?s=96&d=mm&r=g","url":"https:\/\/secure.gravatar.com\/avatar\/4eaadff62661a2c38386085c87f88f683e575f9fda122ff8560bf1208996f3c5?s=96&d=mm&r=g","height":96,"width":96}},"publisher":{"@type":"Organization","name":"bebel.cz","logo":{"@type":"ImageObject","@id":"\/logo.png","url":"\/logo.png","width":600,"height":60}},"image":{"@type":"ImageObject","@id":"https:\/\/www.bebel.cz\/wp-content\/uploads\/fence-3238491_640_10_2.png","url":"https:\/\/www.bebel.cz\/wp-content\/uploads\/fence-3238491_640_10_2.png","height":0,"width":0},"keywords":null},{"@type":"Article","@id":"https:\/\/www.bebel.cz\/trapi-vas-nemoci\/","headline":"Tr\u00e1p\u00ed v\u00e1s nemoci?","url":"https:\/\/www.bebel.cz\/trapi-vas-nemoci\/","datePublished":"2023-05-19","dateModified":"2023-06-19","mainEntityOfPage":"https:\/\/www.bebel.cz\/trapi-vas-nemoci\/","author":{"@type":"Person","@id":"https:\/\/www.bebel.cz\/author\/devene\/#Person","name":"devene","url":"https:\/\/www.bebel.cz\/author\/devene\/","identifier":1,"image":{"@type":"ImageObject","@id":"https:\/\/secure.gravatar.com\/avatar\/4eaadff62661a2c38386085c87f88f683e575f9fda122ff8560bf1208996f3c5?s=96&d=mm&r=g","url":"https:\/\/secure.gravatar.com\/avatar\/4eaadff62661a2c38386085c87f88f683e575f9fda122ff8560bf1208996f3c5?s=96&d=mm&r=g","height":96,"width":96}},"publisher":{"@type":"Organization","name":"bebel.cz","logo":{"@type":"ImageObject","@id":"\/logo.png","url":"\/logo.png","width":600,"height":60}},"image":{"@type":"ImageObject","@id":"https:\/\/www.bebel.cz\/wp-content\/uploads\/tea-4675374_640_7.jpg","url":"https:\/\/www.bebel.cz\/wp-content\/uploads\/tea-4675374_640_7.jpg","height":0,"width":0},"keywords":null},{"@type":"Article","@id":"https:\/\/www.bebel.cz\/co-koupit-miminku\/","headline":"Co koupit miminku?","url":"https:\/\/www.bebel.cz\/co-koupit-miminku\/","datePublished":"2023-05-15","dateModified":"2023-06-15","mainEntityOfPage":"https:\/\/www.bebel.cz\/co-koupit-miminku\/","author":{"@type":"Person","@id":"https:\/\/www.bebel.cz\/author\/devene\/#Person","name":"devene","url":"https:\/\/www.bebel.cz\/author\/devene\/","identifier":1,"image":{"@type":"ImageObject","@id":"https:\/\/secure.gravatar.com\/avatar\/4eaadff62661a2c38386085c87f88f683e575f9fda122ff8560bf1208996f3c5?s=96&d=mm&r=g","url":"https:\/\/secure.gravatar.com\/avatar\/4eaadff62661a2c38386085c87f88f683e575f9fda122ff8560bf1208996f3c5?s=96&d=mm&r=g","height":96,"width":96}},"publisher":{"@type":"Organization","name":"bebel.cz","logo":{"@type":"ImageObject","@id":"\/logo.png","url":"\/logo.png","width":600,"height":60}},"image":{"@type":"ImageObject","@id":"https:\/\/www.bebel.cz\/wp-content\/uploads\/family-7551390_640_10_10_1.jpg","url":"https:\/\/www.bebel.cz\/wp-content\/uploads\/family-7551390_640_10_10_1.jpg","height":0,"width":0},"keywords":null},{"@type":"Article","@id":"https:\/\/www.bebel.cz\/kancelare-bez-ni-nefunguji\/","headline":"Kancel\u00e1\u0159e bez n\u00ed nefunguj\u00ed","url":"https:\/\/www.bebel.cz\/kancelare-bez-ni-nefunguji\/","datePublished":"2023-05-12","dateModified":"2023-06-13","mainEntityOfPage":"https:\/\/www.bebel.cz\/kancelare-bez-ni-nefunguji\/","author":{"@type":"Person","@id":"https:\/\/www.bebel.cz\/author\/devene\/#Person","name":"devene","url":"https:\/\/www.bebel.cz\/author\/devene\/","identifier":1,"image":{"@type":"ImageObject","@id":"https:\/\/secure.gravatar.com\/avatar\/4eaadff62661a2c38386085c87f88f683e575f9fda122ff8560bf1208996f3c5?s=96&d=mm&r=g","url":"https:\/\/secure.gravatar.com\/avatar\/4eaadff62661a2c38386085c87f88f683e575f9fda122ff8560bf1208996f3c5?s=96&d=mm&r=g","height":96,"width":96}},"publisher":{"@type":"Organization","name":"bebel.cz","logo":{"@type":"ImageObject","@id":"\/logo.png","url":"\/logo.png","width":600,"height":60}},"image":{"@type":"ImageObject","@id":"https:\/\/www.bebel.cz\/wp-content\/uploads\/printer-790396_640_3.jpg","url":"https:\/\/www.bebel.cz\/wp-content\/uploads\/printer-790396_640_3.jpg","height":0,"width":0},"keywords":null}]}