[{"@context":"https:\/\/schema.org\/","@type":"Article","@id":"https:\/\/www.bebel.cz\/postele-pro-deti-vyresi-nedostatek-mista\/#Article","mainEntityOfPage":"https:\/\/www.bebel.cz\/postele-pro-deti-vyresi-nedostatek-mista\/","headline":"Postele pro d\u011bti vy\u0159e\u0161\u00ed nedostatek m\u00edsta","name":"Postele pro d\u011bti vy\u0159e\u0161\u00ed nedostatek m\u00edsta","description":"P\u0159i za\u0159izov\u00e1n\u00ed ka\u017ed\u00e9ho interi\u00e9ru je d\u016fle\u017eit\u00e9 um\u011bt vyv\u00e1\u017eit prakti\u010dnost se vzhledem. Ob\u011b str\u00e1nky by m\u011bly b\u00fdt v\u00a0rovnov\u00e1ze. Prakti\u010dnost je t\u00edm, co se cen\u00ed a atraktivn\u00ed","datePublished":"2024-01-15","dateModified":"2024-01-15","author":{"@type":"Person","@id":"https:\/\/www.bebel.cz\/author\/devene\/#Person","name":"devene","url":"https:\/\/www.bebel.cz\/author\/devene\/","identifier":1,"image":{"@type":"ImageObject","@id":"https:\/\/secure.gravatar.com\/avatar\/4eaadff62661a2c38386085c87f88f683e575f9fda122ff8560bf1208996f3c5?s=96&d=mm&r=g","url":"https:\/\/secure.gravatar.com\/avatar\/4eaadff62661a2c38386085c87f88f683e575f9fda122ff8560bf1208996f3c5?s=96&d=mm&r=g","height":96,"width":96}},"publisher":{"@type":"Organization","name":"bebel.cz","logo":{"@type":"ImageObject","@id":"\/logo.png","url":"\/logo.png","width":600,"height":60}},"url":"https:\/\/www.bebel.cz\/postele-pro-deti-vyresi-nedostatek-mista\/","wordCount":283,"articleBody":"P\u0159i za\u0159izov\u00e1n\u00ed ka\u017ed\u00e9ho interi\u00e9ru je d\u016fle\u017eit\u00e9 um\u011bt vyv\u00e1\u017eit prakti\u010dnost se vzhledem. Ob\u011b str\u00e1nky by m\u011bly b\u00fdt v\u00a0rovnov\u00e1ze. Prakti\u010dnost je t\u00edm, co se cen\u00ed a atraktivn\u00ed design je t\u00edm, co d\u011bl\u00e1 interi\u00e9r zaj\u00edmav\u00fdm. Vsadit na barvy byste m\u011bli zejm\u00e9na p\u0159i za\u0159izov\u00e1n\u00ed pokoj\u00ed\u010dku pro sv\u00e9 ratolesti. Pro jejich vn\u00edm\u00e1n\u00ed sv\u011bta jsou nepostradateln\u00e9. A to, co k\u00a0jejich \u017eivotu neodmysliteln\u011b pat\u0159\u00ed, je hran\u00ed. Z\u00e1bava a dobrodru\u017estv\u00ed vypl\u0148uj\u00ed v\u011bt\u0161inu jejich \u010dasu zejm\u00e9na v\u00a0men\u0161\u00edm v\u011bku. Pot\u0159ebuj\u00ed tak z\u00e1kout\u00ed, kde by mohly svoji fantazii rozvinout naplno. Palandy spln\u00ed jak n\u00e1roky na odpo\u010dinek a span\u00ed, tak i touhu se vydov\u00e1d\u011bt.\tModern\u00ed design za skv\u011bl\u00e9 cenyOnline slu\u017eby spojen\u00e9 s\u00a0bydlen\u00edm jsou ur\u010den\u00e9 ka\u017ed\u00e9mu, kdo chce m\u00edt kolem sebe hezk\u00e9 v\u011bci a kdo se nebr\u00e1n\u00ed tomu vytvo\u0159it si doma skute\u010dn\u011b zaj\u00edmav\u00e9 prost\u0159ed\u00ed. Nab\u00edzen\u00e9 slu\u017eby jsou mnohem v\u00edc ne\u017e prodejn\u00ed port\u00e1l. Jsou obr\u00e1zkovou galeri\u00ed, pomocnou rukou i prodejnou v\u00a0jednom. Slou\u017e\u00ed k\u00a0inspiraci i k\u00a0n\u00e1kup\u016fm. Pokud v\u00e1s zaj\u00edm\u00e1 za\u0159izov\u00e1n\u00ed pokoj\u00ed\u010dku pro va\u0161e ratolesti, tak ani v\u00a0tomto p\u0159\u00edpad\u011b nep\u0159ijdete zkr\u00e1tka. Jde o velmi d\u016fle\u017eit\u00fd interi\u00e9r, a tak mu samoz\u0159ejm\u011b i design\u00e9\u0159i, n\u00e1vrh\u00e1\u0159i i v\u00fdrobci v\u011bnuj\u00ed velkou pozornost. Vybrat si tak nepostradateln\u00e9 vybaven\u00ed jak\u00fdm jsou postele pro d\u011bti, probl\u00e9m zaru\u010den\u011b nebude.                                                                                                                                                                                                                                                                                                                                                                                        3.5\/5 - (12 votes)        "},{"@context":"https:\/\/schema.org\/","@type":"BreadcrumbList","itemListElement":[{"@type":"ListItem","position":1,"name":"Postele pro d\u011bti vy\u0159e\u0161\u00ed nedostatek m\u00edsta","item":"https:\/\/www.bebel.cz\/postele-pro-deti-vyresi-nedostatek-mista\/#breadcrumbitem"}]}]