[{"@context":"https:\/\/schema.org\/","@type":"Article","@id":"https:\/\/www.bebel.cz\/politika-ve-svete\/#Article","mainEntityOfPage":"https:\/\/www.bebel.cz\/politika-ve-svete\/","headline":"Politika ve sv\u011bt\u011b","name":"Politika ve sv\u011bt\u011b","description":"Bav&Atilde;&shy; v&Atilde;&iexcl;s politika, nebo jde politika &Atilde;&ordm;pln&Auml;&#8250; mimo v&Atilde;&iexcl;s? Proto&Aring;&frac34;e opravdu hodn&Auml;&#8250; lid&Atilde;&shy; se zaj&Atilde;&shy;m&Atilde;&iexcl; o politiku, ale zase je tak&Atilde;&copy; tady druh&Atilde;&iexcl; skupina lid&Atilde;&shy;,","datePublished":"2022-12-18","dateModified":"2023-10-20","author":{"@type":"Person","@id":"https:\/\/www.bebel.cz\/author\/devene\/#Person","name":"devene","url":"https:\/\/www.bebel.cz\/author\/devene\/","identifier":1,"image":{"@type":"ImageObject","@id":"https:\/\/secure.gravatar.com\/avatar\/4eaadff62661a2c38386085c87f88f683e575f9fda122ff8560bf1208996f3c5?s=96&d=mm&r=g","url":"https:\/\/secure.gravatar.com\/avatar\/4eaadff62661a2c38386085c87f88f683e575f9fda122ff8560bf1208996f3c5?s=96&d=mm&r=g","height":96,"width":96}},"publisher":{"@type":"Organization","name":"bebel.cz","logo":{"@type":"ImageObject","@id":"\/logo.png","url":"\/logo.png","width":600,"height":60}},"image":{"@type":"ImageObject","@id":"https:\/\/www.bebel.cz\/wp-content\/uploads\/people-2575608_1280_1.jpg","url":"https:\/\/www.bebel.cz\/wp-content\/uploads\/people-2575608_1280_1.jpg","height":0,"width":0},"url":"https:\/\/www.bebel.cz\/politika-ve-svete\/","about":["Politika"],"wordCount":697,"articleBody":"Bav&Atilde;&shy; v&Atilde;&iexcl;s politika, nebo jde politika &Atilde;&ordm;pln&Auml;&#8250; mimo v&Atilde;&iexcl;s? Proto&Aring;&frac34;e opravdu hodn&Auml;&#8250; lid&Atilde;&shy; se zaj&Atilde;&shy;m&Atilde;&iexcl; o politiku, ale zase je tak&Atilde;&copy; tady druh&Atilde;&iexcl; skupina lid&Atilde;&shy;, kter&Atilde;&frac12;m v&Aring;&macr;bec politika absolutn&Auml;&#8250; nic ne&Aring;&#8482;&Atilde;&shy;k&Atilde;&iexcl;. J&Atilde;&iexcl; se mus&Atilde;&shy;m p&Aring;&#8482;iznat, &Aring;&frac34;e m&Auml;&#8250; d&Aring;&#8482;&Atilde;&shy;ve tak&Atilde;&copy; politika nech&Atilde;&iexcl;vala &Atilde;&ordm;pln&Auml;&#8250; chladnou, proto&Aring;&frac34;e m&Auml;&#8250; politika v&Aring;&macr;bec nezaj&Atilde;&shy;mala, jenom&Aring;&frac34;e pozd&Auml;&#8250;ji, jak jsem rostla a dosp&Atilde;&shy;vala jsem a poslouchala jsem v&Aring;&iexcl;ude dokola, jak je politika hrozn&Atilde;&iexcl; a o&Aring;&iexcl;kliv&Atilde;&iexcl; a jak je to v&Aring;&iexcl;echno nespravedliv&Atilde;&copy;, tak jsem za&Auml;ala tou&Aring;&frac34;it po tom, abych se tak&Atilde;&copy; dozv&Auml;&#8250;d&Auml;&#8250;la pravdu. V&Aring;&frac34;dy&Aring;&yen; p&Aring;&#8482;ece politika nem&Aring;&macr;&Aring;&frac34;e b&Atilde;&frac12;t tak hrozn&Atilde;&iexcl;, jak opravdu tvrd&Atilde;&shy; v&Aring;&iexcl;ichni.A v&Atilde;&iexcl;&Aring;&frac34;n&Auml;&#8250; jsem ve sv&Atilde;&copy;m okol&Atilde;&shy; nem&Auml;&#8250;la nikoho, kter&Atilde;&frac12; by si politiky cenil a kter&Atilde;&frac12; by si politiky v&Atilde;&iexcl;&Aring;&frac34;il. Tak jsem si &Aring;&#8482;ekla, co je asi na tom &Aring;&iexcl;patn&Atilde;&copy;ho anebo co je na politice tak moc zaj&Atilde;&shy;mav&Atilde;&copy;ho, &Aring;&frac34;e to ka&Aring;&frac34;d&Atilde;&frac12; m&Atilde;&iexcl; chu&Aring;&yen; &Aring;&#8482;e&Aring;&iexcl;it, proto jsem si rad&Auml;&#8250;ji sedla k po&Auml;&Atilde;&shy;ta&Auml;i a vyhledala jsem si r&Aring;&macr;zn&Atilde;&copy; informace o politice. No up&Aring;&#8482;&Atilde;&shy;mn&Auml;&#8250;, byla jsem docela p&Aring;&#8482;ekvapen&Atilde;&iexcl;, co tam na m&Auml;&#8250; vyjelo, proto&Aring;&frac34;e jsem byla docela zmaten&Atilde;&iexcl; z toho, &Aring;&frac34;e na ka&Aring;&frac34;d&Atilde;&copy; webov&Atilde;&copy; str&Atilde;&iexcl;nce se psalo o politice n&Auml;&#8250;co &Atilde;&ordm;pln&Auml;&#8250; jin&Atilde;&copy;ho. Byla jsem z toho takov&Atilde;&iexcl; rozlad&Auml;&#8250;n&Atilde;&iexcl;, &Aring;&frac34;e jsem si &Aring;&#8482;ekla, &Aring;&frac34;e politika asi nebude nic moc extra a nebude to nic dobr&Atilde;&copy;ho. Tak nakonec jsem se je&Aring;&iexcl;t&Auml;&#8250; rad&Auml;&#8250;ji zeptala sv&Atilde;&copy; maminky, co si mysl&Atilde;&shy; o politice? Moje maminka byla docela vypla&Aring;&iexcl;en&Atilde;&iexcl; a takov&Atilde;&iexcl; vyjeven&Atilde;&iexcl;, pro&Auml; zrovna j&Atilde;&iexcl; se zaj&Atilde;&shy;m&Atilde;&iexcl;m o politiku. Mamince jsem vysv&Auml;&#8250;tlila d&Aring;&macr;vod toho, pro&Auml; bych cht&Auml;&#8250;la v&Auml;&#8250;d&Auml;&#8250;t v&Atilde;&shy;ce informac&Atilde;&shy; o politice. P&Aring;&#8482;eci u&Aring;&frac34; nejsem d&Atilde;&shy;t&Auml;&#8250; a tak&Atilde;&copy; bych cht&Auml;&#8250;la n&Auml;&#8250;co v&Auml;&#8250;d&Auml;&#8250;t o sv&Atilde;&copy;m st&Atilde;&iexcl;tu a tak&Atilde;&copy;, co se kolem d&Auml;&#8250;je, bylo mi sice jenom t&Aring;&#8482;in&Atilde;&iexcl;ct let, ale u&Aring;&frac34; m&Auml;&#8250; to docela zaj&Atilde;&shy;malo. Mo&Aring;&frac34;n&Atilde;&iexcl; bych m&Auml;&#8250;la je&Aring;&iexcl;t&Auml;&#8250; z&Aring;&macr;stat u toho, abych si hr&Atilde;&iexcl;la s panenkami, proto&Aring;&frac34;e kdy&Aring;&frac34; jsem se dozv&Auml;&#8250;d&Auml;&#8250;la, &Aring;&frac34;e politika je takov&Atilde;&frac12; gul&Atilde;&iexcl;&Aring;&iexcl;, tak jsem rad&Aring;&iexcl;i byla zticha a u&Aring;&frac34; jsem se d&Atilde;&iexcl;le o to nezaj&Atilde;&shy;mala. N&Auml;&#8250;kdy mi politika nyn&Atilde;&shy; jednodu&Aring;&iexcl;e pochuti.                                                                                                                                                                                                                                                                                                                                                                                        4.1\/5 - (10 votes)        "},{"@context":"https:\/\/schema.org\/","@type":"BreadcrumbList","itemListElement":[{"@type":"ListItem","position":1,"name":"Politika ve sv\u011bt\u011b","item":"https:\/\/www.bebel.cz\/politika-ve-svete\/#breadcrumbitem"}]}]