[{"@context":"https:\/\/schema.org\/","@type":"Article","@id":"https:\/\/www.bebel.cz\/nebojte-se-vyuzivat-opakovane-pouzivane-plasty\/#Article","mainEntityOfPage":"https:\/\/www.bebel.cz\/nebojte-se-vyuzivat-opakovane-pouzivane-plasty\/","headline":"Nebojte se vyu\u017e\u00edvat opakovan\u011b pou\u017e\u00edvan\u00e9 plasty","name":"Nebojte se vyu\u017e\u00edvat opakovan\u011b pou\u017e\u00edvan\u00e9 plasty","description":"N\u011bkte\u0159\u00ed lid\u00e9 si v\u016fbec neuv\u011bdomuj\u00ed, \u017ee v dne\u0161n\u00ed dob\u011b u\u017e existuj\u00ed v\u00fdrobky, kter\u00e9 jsou vyrobeny z ji\u017e pou\u017eit\u00e9ho plastu. Ur\u010dit\u011b je dob\u0159e, \u017ee se na","datePublished":"2022-12-24","dateModified":"2023-07-24","author":{"@type":"Person","@id":"https:\/\/www.bebel.cz\/author\/devene\/#Person","name":"devene","url":"https:\/\/www.bebel.cz\/author\/devene\/","identifier":1,"image":{"@type":"ImageObject","@id":"https:\/\/secure.gravatar.com\/avatar\/4eaadff62661a2c38386085c87f88f683e575f9fda122ff8560bf1208996f3c5?s=96&d=mm&r=g","url":"https:\/\/secure.gravatar.com\/avatar\/4eaadff62661a2c38386085c87f88f683e575f9fda122ff8560bf1208996f3c5?s=96&d=mm&r=g","height":96,"width":96}},"publisher":{"@type":"Organization","name":"bebel.cz","logo":{"@type":"ImageObject","@id":"\/logo.png","url":"\/logo.png","width":600,"height":60}},"image":{"@type":"ImageObject","@id":"https:\/\/www.bebel.cz\/wp-content\/uploads\/plas.JPG","url":"https:\/\/www.bebel.cz\/wp-content\/uploads\/plas.JPG","height":0,"width":0},"url":"https:\/\/www.bebel.cz\/nebojte-se-vyuzivat-opakovane-pouzivane-plasty\/","about":["Produkty"],"wordCount":509,"articleBody":"           N\u011bkte\u0159\u00ed lid\u00e9 si v\u016fbec neuv\u011bdomuj\u00ed, \u017ee v dne\u0161n\u00ed dob\u011b u\u017e existuj\u00ed v\u00fdrobky, kter\u00e9 jsou vyrobeny z ji\u017e pou\u017eit\u00e9ho plastu. Ur\u010dit\u011b je dob\u0159e, \u017ee se na n\u011bco takov\u00e9ho, jako je znovu vyu\u017eit\u00ed plastu, p\u0159i\u0161lo, proto\u017ee pokud jste n\u011bkdy vid\u011bli fotografie toho, jak to vypad\u00e1 na r\u016fzn\u00fdch skl\u00e1dk\u00e1ch, pak jste jist\u011b i vy byli velmi p\u0159ekvapeni. Je rozhodn\u011b dob\u0159e, \u017ee se p\u0159i\u0161lo s t\u00edm, \u017ee je mo\u017en\u00e9 plasty znovu vyu\u017e\u00edvat. Je nav\u00edc mnoho v\u011bc\u00ed, kter\u00e9 se daj\u00ed z recyklovan\u00e9ho plastu vyrobit a mohou velmi dob\u0159e slou\u017eit dan\u00e9mu \u00fa\u010delu.V\u017edy je pot\u0159eba naj\u00edt z ur\u010dit\u00e9ho probl\u00e9mu n\u011bjak\u00e9 v\u00fdchodisko a to nejen u probl\u00e9m\u016f, kter\u00e9 se t\u00fdkaj\u00ed plastu, ale i u v\u011bc\u00ed jin\u00fdch. Opakovan\u011b pou\u017eiteln\u00e9 plasty https:\/\/www.schoellerallibert.com\/cz\/novinky\/novinky-ze-spolecnosti\/dleitost-slova-vtina-aneb-pro-jsou-opakovan-pouiteln-plasty-jin\/ jin\u00e9 je rozhodn\u011b n\u011bco, na co se i vy m\u016f\u017eete pod\u00edvat, proto\u017ee je mo\u017en\u00e9, \u017ee by se mohlo naj\u00edt n\u011bco, co by se v\u00e1m mohlo l\u00edbit a co byste mohli n\u011bjak\u00fdm zp\u016fsobem vyu\u017e\u00edt.Ka\u017ed\u00e9ho \u010dlov\u011bka m\u016f\u017ee minim\u00e1ln\u011b jedna v\u011bc, kter\u00e1 je vyrobena z plastu, pot\u011b\u0161it. Plast m\u00e1 velk\u00e9 v\u00fdhody a jednou z nich je pr\u00e1v\u011b ta, \u017ee je mo\u017en\u00e9 jej vyu\u017e\u00edvat neust\u00e1le dokola. Je ale pot\u0159eba, aby firem, kter\u00e9 jsou schopny plasty zpracov\u00e1vat, vzniklo daleko v\u00edce, ne\u017e je jich te\u010f a to pr\u00e1v\u011b z toho d\u016fvodu, aby se plasty st\u00edhaly zpracov\u00e1vat a aby z nich bylo mo\u017en\u00e9 zrealizovat dal\u0161\u00ed a dal\u0161\u00ed u\u017eite\u010dn\u00e9 v\u011bci.Ka\u017ed\u00fd z n\u00e1s vyprodukuje opravdu velk\u00e9 mno\u017estv\u00ed plastu a to bez toho, ani\u017e bychom si to uv\u011bdomovali. Mnoho lid\u00ed si n\u011bco takov\u00e9ho neuv\u011bdomuje proto, \u017ee net\u0159\u00edd\u00ed odpad a v\u0161echno, co vyu\u017eij\u00ed, h\u00e1z\u00ed do jednoho odpadkov\u00e9ho ko\u0161e. Pokud by ale lid\u00e9 za\u010dali t\u0159\u00eddit odpad, zjistili by, kolik toho vyprodukuj\u00ed co se t\u00fdk\u00e1 nejen plastu, ale tak\u00e9 pap\u00edru. Ka\u017ed\u00fd \u010dlov\u011bk by byl jist\u011b p\u0159ekvapen t\u00edm, kdyby zjistil, jak to m\u00e1 pr\u00e1v\u011b on.Rozhodn\u011b nen\u00ed \u0161patn\u00e9, pokud se \u010dlov\u011bk d\u00e1 na t\u0159\u00edd\u011bn\u00ed odpadu a po\u0159\u00edd\u00ed si do dom\u00e1cnosti p\u0159\u00edmo ta\u0161ky, kter\u00e9 jsou na t\u0159\u00edd\u011bn\u00ed ur\u010deny. D\u00edky tomu si ud\u011bl\u00e1te p\u0159ehled, kolik toho pr\u00e1v\u011b vy vyprodukujete. D\u00edky tomu, \u017ee bude \u010dlov\u011bk nav\u00edc t\u0159\u00eddit, u\u0161et\u0159\u00ed t\u011bm, kte\u0159\u00ed mus\u00ed odpad n\u00e1sledn\u011b t\u0159\u00eddit, mnoho pr\u00e1ce a jist\u011b v\u00e1m za to dan\u00ed lid\u00e9 budou vd\u011b\u010dn\u00ed. Je spousta v\u011bc\u00ed, kter\u00e9 se daj\u00ed vyu\u017e\u00edt opakovan\u011b, ale je pot\u0159eba vymyslet, jak na to, aby to bylo co mo\u017en\u00e1 nejefektivn\u011bj\u0161\u00ed.                                                                                                                                                                                                                                                                                                                                                                                          3.5\/5 - (6 votes)        "},{"@context":"https:\/\/schema.org\/","@type":"BreadcrumbList","itemListElement":[{"@type":"ListItem","position":1,"name":"Nebojte se vyu\u017e\u00edvat opakovan\u011b pou\u017e\u00edvan\u00e9 plasty","item":"https:\/\/www.bebel.cz\/nebojte-se-vyuzivat-opakovane-pouzivane-plasty\/#breadcrumbitem"}]}]