{"@context":"https:\/\/schema.org\/","@type":"CollectionPage","@id":"https:\/\/www.bebel.cz\/muzi\/#CollectionPage","headline":"Mu\u017ei Category","description":"","url":"https:\/\/www.bebel.cz\/muzi\/","hasPart":[{"@type":"Article","@id":"https:\/\/www.bebel.cz\/jak-si-najit-muze\/","headline":"Jak si naj\u00edt mu\u017ee","url":"https:\/\/www.bebel.cz\/jak-si-najit-muze\/","datePublished":"2024-03-28","dateModified":"2024-03-28","mainEntityOfPage":"https:\/\/www.bebel.cz\/jak-si-najit-muze\/","author":{"@type":"Person","@id":"https:\/\/www.bebel.cz\/author\/devene\/#Person","name":"devene","url":"https:\/\/www.bebel.cz\/author\/devene\/","identifier":1,"image":{"@type":"ImageObject","@id":"https:\/\/secure.gravatar.com\/avatar\/4eaadff62661a2c38386085c87f88f683e575f9fda122ff8560bf1208996f3c5?s=96&d=mm&r=g","url":"https:\/\/secure.gravatar.com\/avatar\/4eaadff62661a2c38386085c87f88f683e575f9fda122ff8560bf1208996f3c5?s=96&d=mm&r=g","height":96,"width":96}},"publisher":{"@type":"Organization","name":"bebel.cz","logo":{"@type":"ImageObject","@id":"\/logo.png","url":"\/logo.png","width":600,"height":60}},"image":{"@type":"ImageObject","@id":"https:\/\/www.bebel.cz\/wp-content\/uploads\/india-5342927_1280_3.jpg","url":"https:\/\/www.bebel.cz\/wp-content\/uploads\/india-5342927_1280_3.jpg","height":0,"width":0},"keywords":null},{"@type":"Article","@id":"https:\/\/www.bebel.cz\/muzi-a-jejich-priority\/","headline":"Mu\u017ei a jejich priority","url":"https:\/\/www.bebel.cz\/muzi-a-jejich-priority\/","datePublished":"2023-11-28","dateModified":"2023-11-28","mainEntityOfPage":"https:\/\/www.bebel.cz\/muzi-a-jejich-priority\/","author":{"@type":"Person","@id":"https:\/\/www.bebel.cz\/author\/devene\/#Person","name":"devene","url":"https:\/\/www.bebel.cz\/author\/devene\/","identifier":1,"image":{"@type":"ImageObject","@id":"https:\/\/secure.gravatar.com\/avatar\/4eaadff62661a2c38386085c87f88f683e575f9fda122ff8560bf1208996f3c5?s=96&d=mm&r=g","url":"https:\/\/secure.gravatar.com\/avatar\/4eaadff62661a2c38386085c87f88f683e575f9fda122ff8560bf1208996f3c5?s=96&d=mm&r=g","height":96,"width":96}},"publisher":{"@type":"Organization","name":"bebel.cz","logo":{"@type":"ImageObject","@id":"\/logo.png","url":"\/logo.png","width":600,"height":60}},"image":{"@type":"ImageObject","@id":"https:\/\/www.bebel.cz\/wp-content\/uploads\/couple-1718244_1280.jpg","url":"https:\/\/www.bebel.cz\/wp-content\/uploads\/couple-1718244_1280.jpg","height":0,"width":0},"keywords":null},{"@type":"Article","@id":"https:\/\/www.bebel.cz\/nekdy-je-potreba-brat-muze-s-rezervou\/","headline":"N\u011bkdy je pot\u0159eba br\u00e1t mu\u017ee s rezervou","url":"https:\/\/www.bebel.cz\/nekdy-je-potreba-brat-muze-s-rezervou\/","datePublished":"2023-01-25","dateModified":"2023-04-26","mainEntityOfPage":"https:\/\/www.bebel.cz\/nekdy-je-potreba-brat-muze-s-rezervou\/","author":{"@type":"Person","@id":"https:\/\/www.bebel.cz\/author\/devene\/#Person","name":"devene","url":"https:\/\/www.bebel.cz\/author\/devene\/","identifier":1,"image":{"@type":"ImageObject","@id":"https:\/\/secure.gravatar.com\/avatar\/4eaadff62661a2c38386085c87f88f683e575f9fda122ff8560bf1208996f3c5?s=96&d=mm&r=g","url":"https:\/\/secure.gravatar.com\/avatar\/4eaadff62661a2c38386085c87f88f683e575f9fda122ff8560bf1208996f3c5?s=96&d=mm&r=g","height":96,"width":96}},"publisher":{"@type":"Organization","name":"bebel.cz","logo":{"@type":"ImageObject","@id":"\/logo.png","url":"\/logo.png","width":600,"height":60}},"image":{"@type":"ImageObject","@id":"https:\/\/www.bebel.cz\/wp-content\/uploads\/mu_10_7.JPG","url":"https:\/\/www.bebel.cz\/wp-content\/uploads\/mu_10_7.JPG","height":0,"width":0},"keywords":null},{"@type":"Article","@id":"https:\/\/www.bebel.cz\/muzi-a-naladovost-z-prace\/","headline":"Mu\u017ei a n\u00e1ladovost z pr\u00e1ce","url":"https:\/\/www.bebel.cz\/muzi-a-naladovost-z-prace\/","datePublished":"2022-12-02","dateModified":"2023-06-02","mainEntityOfPage":"https:\/\/www.bebel.cz\/muzi-a-naladovost-z-prace\/","author":{"@type":"Person","@id":"https:\/\/www.bebel.cz\/author\/devene\/#Person","name":"devene","url":"https:\/\/www.bebel.cz\/author\/devene\/","identifier":1,"image":{"@type":"ImageObject","@id":"https:\/\/secure.gravatar.com\/avatar\/4eaadff62661a2c38386085c87f88f683e575f9fda122ff8560bf1208996f3c5?s=96&d=mm&r=g","url":"https:\/\/secure.gravatar.com\/avatar\/4eaadff62661a2c38386085c87f88f683e575f9fda122ff8560bf1208996f3c5?s=96&d=mm&r=g","height":96,"width":96}},"publisher":{"@type":"Organization","name":"bebel.cz","logo":{"@type":"ImageObject","@id":"\/logo.png","url":"\/logo.png","width":600,"height":60}},"image":{"@type":"ImageObject","@id":"https:\/\/www.bebel.cz\/wp-content\/uploads\/females-1450050_1280_1.jpg","url":"https:\/\/www.bebel.cz\/wp-content\/uploads\/females-1450050_1280_1.jpg","height":0,"width":0},"keywords":null},{"@type":"Article","@id":"https:\/\/www.bebel.cz\/manzelstvi-a-muzi\/","headline":"Man\u017eelstv\u00ed a mu\u017ei","url":"https:\/\/www.bebel.cz\/manzelstvi-a-muzi\/","datePublished":"2022-08-17","dateModified":"2022-08-17","mainEntityOfPage":"https:\/\/www.bebel.cz\/manzelstvi-a-muzi\/","author":{"@type":"Person","@id":"https:\/\/www.bebel.cz\/author\/devene\/#Person","name":"devene","url":"https:\/\/www.bebel.cz\/author\/devene\/","identifier":1,"image":{"@type":"ImageObject","@id":"https:\/\/secure.gravatar.com\/avatar\/4eaadff62661a2c38386085c87f88f683e575f9fda122ff8560bf1208996f3c5?s=96&d=mm&r=g","url":"https:\/\/secure.gravatar.com\/avatar\/4eaadff62661a2c38386085c87f88f683e575f9fda122ff8560bf1208996f3c5?s=96&d=mm&r=g","height":96,"width":96}},"publisher":{"@type":"Organization","name":"bebel.cz","logo":{"@type":"ImageObject","@id":"\/logo.png","url":"\/logo.png","width":600,"height":60}},"image":{"@type":"ImageObject","@id":"https:\/\/www.bebel.cz\/wp-content\/uploads\/man-2178721_960_720.jpg","url":"https:\/\/www.bebel.cz\/wp-content\/uploads\/man-2178721_960_720.jpg","height":0,"width":0},"keywords":null},{"@type":"Article","@id":"https:\/\/www.bebel.cz\/kdyz-je-muzi-zena-neverna\/","headline":"Kdy\u017e je mu\u017ei \u017eena nev\u011brn\u00e1","url":"https:\/\/www.bebel.cz\/kdyz-je-muzi-zena-neverna\/","datePublished":"2022-07-31","dateModified":"2022-07-31","mainEntityOfPage":"https:\/\/www.bebel.cz\/kdyz-je-muzi-zena-neverna\/","author":{"@type":"Person","@id":"https:\/\/www.bebel.cz\/author\/devene\/#Person","name":"devene","url":"https:\/\/www.bebel.cz\/author\/devene\/","identifier":1,"image":{"@type":"ImageObject","@id":"https:\/\/secure.gravatar.com\/avatar\/4eaadff62661a2c38386085c87f88f683e575f9fda122ff8560bf1208996f3c5?s=96&d=mm&r=g","url":"https:\/\/secure.gravatar.com\/avatar\/4eaadff62661a2c38386085c87f88f683e575f9fda122ff8560bf1208996f3c5?s=96&d=mm&r=g","height":96,"width":96}},"publisher":{"@type":"Organization","name":"bebel.cz","logo":{"@type":"ImageObject","@id":"\/logo.png","url":"\/logo.png","width":600,"height":60}},"image":{"@type":"ImageObject","@id":"https:\/\/www.bebel.cz\/wp-content\/uploads\/neve_1.JPG","url":"https:\/\/www.bebel.cz\/wp-content\/uploads\/neve_1.JPG","height":0,"width":0},"keywords":null}]}