[{"@context":"https:\/\/schema.org\/","@type":"Article","@id":"https:\/\/www.bebel.cz\/muzi-a-jejich-priority\/#Article","mainEntityOfPage":"https:\/\/www.bebel.cz\/muzi-a-jejich-priority\/","headline":"Mu\u017ei a jejich priority","name":"Mu\u017ei a jejich priority","description":"Je spousta lid\u00ed, kte\u0159\u00ed v\u00e1m \u0159eknou, \u017ee by pro mu\u017ee m\u011bla b\u00fdt prioritou jeho \u017eena a jeho rodina. Mnoho lid\u00ed si n\u011bco takov\u00e9ho mysl\u00ed, ale","datePublished":"2023-11-28","dateModified":"2023-11-28","author":{"@type":"Person","@id":"https:\/\/www.bebel.cz\/author\/devene\/#Person","name":"devene","url":"https:\/\/www.bebel.cz\/author\/devene\/","identifier":1,"image":{"@type":"ImageObject","@id":"https:\/\/secure.gravatar.com\/avatar\/4eaadff62661a2c38386085c87f88f683e575f9fda122ff8560bf1208996f3c5?s=96&d=mm&r=g","url":"https:\/\/secure.gravatar.com\/avatar\/4eaadff62661a2c38386085c87f88f683e575f9fda122ff8560bf1208996f3c5?s=96&d=mm&r=g","height":96,"width":96}},"publisher":{"@type":"Organization","name":"bebel.cz","logo":{"@type":"ImageObject","@id":"\/logo.png","url":"\/logo.png","width":600,"height":60}},"image":{"@type":"ImageObject","@id":"https:\/\/www.bebel.cz\/wp-content\/uploads\/couple-1718244_1280.jpg","url":"https:\/\/www.bebel.cz\/wp-content\/uploads\/couple-1718244_1280.jpg","height":0,"width":0},"url":"https:\/\/www.bebel.cz\/muzi-a-jejich-priority\/","about":["Mu\u017ei"],"wordCount":452,"articleBody":"Je spousta lid\u00ed, kte\u0159\u00ed v\u00e1m \u0159eknou, \u017ee by pro mu\u017ee m\u011bla b\u00fdt prioritou jeho \u017eena a jeho rodina. Mnoho lid\u00ed si n\u011bco takov\u00e9ho mysl\u00ed, ale bohu\u017eel existuj\u00ed mu\u017ei, kte\u0159\u00ed to tak nemaj\u00ed. Jeho \u017eena a ani jeho rodina pro n\u011bj nejsou prioritou. Je pro n\u011b jejich prioritou pr\u00e1ce, cestov\u00e1n\u00ed, kamar\u00e1di a teprve pot\u00e9 a\u017e \u017eena a jeho rodina. N\u011bkte\u0159\u00ed si mysl\u00ed, \u017ee je n\u011bco takov\u00e9ho spr\u00e1vn\u011b, ale ve v\u00fdsledku to spr\u00e1vn\u011b nen\u00ed.Pokud si mu\u017e najde n\u011bjakou \u017eenu a zalo\u017e\u00ed s n\u00ed rodinu, m\u011bla by b\u00fdt prioritou jak \u017eena, tak i rodina a nikoliv z\u00e1bava, jak si n\u011bkte\u0159\u00ed mohou st\u00e1le myslet.Mu\u017ei, pro kter\u00e9 je prioritou \u010d\u00edslo jedna n\u011bco jin\u00e9ho, ne\u017e jeho \u017eena a rodina, jsou mu\u017ei, kte\u0159\u00ed je\u0161t\u011b nejsou vysp\u011bl\u00ed a pokud se to nezm\u011bn\u00ed, je dost mo\u017en\u00e9, \u017ee to dopadne tak, \u017ee \u017eena i rodina dan\u00e9ho mu\u017ee opust\u00ed a dopadne to tak, \u017ee si \u017eena za\u010dne hledat n\u011bkoho jin\u00e9ho. N\u011bkoho, pro koho dan\u00e1 \u017eena prioritou \u010d\u00edslo jedna rozhodn\u011b bude.Bylo by dobr\u00e9 zamyslet se nad sebou a ud\u011blat si po\u0159\u00e1dek v tom, co pro v\u00e1s je a co pro v\u00e1s nen\u00ed d\u016fle\u017eit\u00e9. Bohu\u017eel se najde mnoho mu\u017e\u016f, kte\u0159\u00ed jsou i kolem t\u0159iceti let v\u011bku st\u00e1le nevysp\u011bl\u00ed a tak mnohdy \u017een\u011b nezbude nic jin\u00e9ho, ne\u017e od dan\u00e9ho mu\u017ee odej\u00edt a poohl\u00e9dnout se po n\u011bkom jin\u00e9m. Je dost mo\u017en\u00e9, \u017ee n\u011bco takov\u00e9ho bude danou \u017eenu bolet a bude to pro n\u00ed velmi t\u011b\u017ek\u00e9, ale ned\u00e1 se nic moc d\u011blat, pokud to s dan\u00fdm mu\u017eem je takov\u00e9, jak\u00e9 to je. V\u011b\u0159te, \u017ee je dost mo\u017en\u00e9, \u017ee by se to s dan\u00fdm mu\u017eem nemuselo zlep\u0161it a on i ve v\u011bku pades\u00e1ti let bude st\u00e1le do ur\u010dit\u00e9 m\u00edry d\u00edt\u011btem.\u010clov\u011bk by si rozhodn\u011b m\u011bl stanovit priority a opravdu by m\u011bl b\u00fdt jeho prioritou hlavn\u011b jeho partner.V\u00e1\u0161 partner je \u010dlov\u011bk, kter\u00fd zde pro v\u00e1s v\u017edy bude, ale pokud jej budete zanedb\u00e1vat a on to pozn\u00e1, v\u011b\u0159te, \u017ee se m\u016f\u017ee velmi brzy st\u00e1t, \u017ee od v\u00e1s odejde. Ve v\u00fdsledku se dan\u00e9mu \u010dlov\u011bku nem\u016f\u017eete divit, proto\u017ee je to pochopiteln\u00e9. Nikdo nechce b\u00fdt a\u017e na n\u011bkolik\u00e1t\u00e9m m\u00edst\u011b. \u010clov\u011bk chce b\u00fdt v\u017edy na m\u00edst\u011b prvn\u00edm.                                                                                                                                                                                                                                                                                                                                                                                        4.3\/5 - (6 votes)        "},{"@context":"https:\/\/schema.org\/","@type":"BreadcrumbList","itemListElement":[{"@type":"ListItem","position":1,"name":"Mu\u017ei a jejich priority","item":"https:\/\/www.bebel.cz\/muzi-a-jejich-priority\/#breadcrumbitem"}]}]