[{"@context":"https:\/\/schema.org\/","@type":"Article","@id":"https:\/\/www.bebel.cz\/moda-pro-muze-a-zeny\/#Article","mainEntityOfPage":"https:\/\/www.bebel.cz\/moda-pro-muze-a-zeny\/","headline":"M\u00f3da pro mu\u017ee a \u017eeny","name":"M\u00f3da pro mu\u017ee a \u017eeny","description":"M\u00e1m moc r\u00e1da kr\u00e1sn\u00e9 oble\u010den\u00ed. A nejv\u00edce db\u00e1m na to, aby moje oble\u010den\u00ed bylo v prvn\u00ed \u0159ad\u011b opravdu hodn\u011b kvalitn\u00ed. Samoz\u0159ejm\u011b, \u017ee m\u00e1m tak\u00e9 sv\u00e9","datePublished":"2023-12-29","dateModified":"2024-01-29","author":{"@type":"Person","@id":"https:\/\/www.bebel.cz\/author\/devene\/#Person","name":"devene","url":"https:\/\/www.bebel.cz\/author\/devene\/","identifier":1,"image":{"@type":"ImageObject","@id":"https:\/\/secure.gravatar.com\/avatar\/4eaadff62661a2c38386085c87f88f683e575f9fda122ff8560bf1208996f3c5?s=96&d=mm&r=g","url":"https:\/\/secure.gravatar.com\/avatar\/4eaadff62661a2c38386085c87f88f683e575f9fda122ff8560bf1208996f3c5?s=96&d=mm&r=g","height":96,"width":96}},"publisher":{"@type":"Organization","name":"bebel.cz","logo":{"@type":"ImageObject","@id":"\/logo.png","url":"\/logo.png","width":600,"height":60}},"image":{"@type":"ImageObject","@id":"https:\/\/www.bebel.cz\/wp-content\/uploads\/adult-315337_1280.jpg","url":"https:\/\/www.bebel.cz\/wp-content\/uploads\/adult-315337_1280.jpg","height":0,"width":0},"url":"https:\/\/www.bebel.cz\/moda-pro-muze-a-zeny\/","about":["Produkty"],"wordCount":465,"articleBody":"      M\u00e1m moc r\u00e1da kr\u00e1sn\u00e9 oble\u010den\u00ed. A nejv\u00edce db\u00e1m na to, aby moje oble\u010den\u00ed bylo v prvn\u00ed \u0159ad\u011b opravdu hodn\u011b kvalitn\u00ed. Samoz\u0159ejm\u011b, \u017ee m\u00e1m tak\u00e9 sv\u00e9 obl\u00edben\u00e9 barvy, ale pro m\u011b je opravdu prvo\u0159ad\u00e1 kvalita. Necht\u011bla bych, abych si po\u0159\u00eddila n\u011bkter\u00e9 tri\u010dko a potom t\u0159eba b\u011bhem n\u011bkolika vypr\u00e1n\u00ed by bylo cel\u00e9 \u017emolkovit\u00e9 anebo by ztratilo svou velikost anebo tvar. V\u011b\u0159te mi, \u017ee i t\u0159eba z velikosti XL se v\u00e1m tri\u010dko m\u016f\u017ee sn\u00ed\u017eit o cel\u00e9 dv\u011b velikosti. V\u011b\u0159te mi, \u017ee m\u011b se tohle u\u017e dvakr\u00e1t stalo. Mo\u017en\u00e1 to ale byla moje chyba, proto\u017ee jsem m\u011bla ka\u0161m\u00edrov\u00fd svetr a bohu\u017eel, jak jsem ho vyprala s ru\u010dn\u00edky, \u00fapln\u011b jsem si nev\u0161imla, \u017ee tam m\u00e1m tak\u00e9 svetr a prala jsem to na \u0161edes\u00e1t stup\u0148\u016f. Samoz\u0159ejm\u011b, \u017ee svetr se zmen\u0161il asi o p\u011bt anebo o \u0161est velikost\u00ed. Na druhou stranu jsem ale r\u00e1da, \u017ee existuje tak\u00e9 takov\u00e1 m\u00f3da, kter\u00e1 je unisexov\u00e1, jako nap\u0159\u00edklad tri\u010dko unisex T160. Tri\u010dko unisex T160 Promotextile je opravdu kr\u00e1sn\u00e9, m\u00e1 vysokou kvalitu, a nav\u00edc materi\u00e1l je opravdu velice p\u0159\u00edjemn\u00fd. Tak\u017ee kdy\u017e t\u0159eba v tomto tri\u010dku unisex T160 budete sportovat, tak se nemus\u00edte b\u00e1t, \u017ee se v tomhle tri\u010dku budete potit. Tohle tri\u010dko m\u00e1m opravdu hodn\u011b obl\u00edben\u00e9. A aby toho nebylo m\u00e1lo, tak od t\u00e9to zna\u010dky m\u00e1m dal\u0161\u00ed dv\u011b tri\u010dka. Jsem s nimi opravdu maxim\u00e1ln\u011b spokojen\u00e1, ka\u017ed\u00fd mi je chv\u00e1l\u00ed. Samoz\u0159ejm\u011b, \u017ee v tri\u010dku unisex v T160 nemus\u00edte pouze jenom sportovat. Toto tri\u010dko m\u00e1m tak\u00e9 na doma. T\u0159eba kdy\u017e ukl\u00edz\u00edm anebo kdy\u017e jedu na kole, t\u0159eba ke kamar\u00e1dce. Takov\u00e1to tri\u010dka se opravdu hod\u00ed, nav\u00edc je to unisex a to znamen\u00e1, \u017ee tohle tri\u010dko m\u016f\u017ee nosit, jak \u017eena, tak samoz\u0159ejm\u011b tak\u00e9 mu\u017e. M\u016fj partner m\u00e1 \u00fapln\u011b stejn\u00e9 tri\u010dko, akor\u00e1t jsme si tyto tri\u010dka po\u0159\u00eddili v jin\u00e9 barv\u011b, ale tak\u00e9 jsme si \u0159ekli, \u017ee bude opravdu velik\u00e1 sranda, \u017ee kdy\u017e pojedeme na kole a budeme m\u00edt stejn\u00e9 tri\u010dko. Proto jsme si pr\u00e1v\u011b po\u0159\u00eddili b\u00edl\u00e9 unisex tri\u010dko. A podle m\u00e9ho n\u00e1zoru se v\u00e1m tak\u00e9 bude l\u00edbit. Mnoho lid\u00ed, kte\u0159\u00ed hlavn\u011b sportuj\u00ed, tak d\u00e1vaj\u00ed p\u0159ednost v prvn\u00ed \u0159ad\u011b tak\u00e9 kvalit\u011b a potom t\u0159eba nap\u0159\u00edklad vzoru. Tady u tohoto tri\u010dka se nemus\u00edte b\u00e1t, proto\u017ee je tak\u00e9 modern\u00ed a m\u00e1 \u0161pi\u010dkov\u00e9 \u0161it\u00ed a tak\u00e9 design.                                                                                                                                                                                                                                                                                                                                                                                           3.8\/5 - (9 votes)        "},{"@context":"https:\/\/schema.org\/","@type":"BreadcrumbList","itemListElement":[{"@type":"ListItem","position":1,"name":"M\u00f3da pro mu\u017ee a \u017eeny","item":"https:\/\/www.bebel.cz\/moda-pro-muze-a-zeny\/#breadcrumbitem"}]}]