[{"@context":"https:\/\/schema.org\/","@type":"Article","@id":"https:\/\/www.bebel.cz\/manzelstvi-a-muzi\/#Article","mainEntityOfPage":"https:\/\/www.bebel.cz\/manzelstvi-a-muzi\/","headline":"Man\u017eelstv\u00ed a mu\u017ei","name":"Man\u017eelstv\u00ed a mu\u017ei","description":"Mu\u017ei v\u017edycky pat\u0159ili k na\u0161im \u017eivot\u016fm. A nen\u00ed to jenom od toho, \u017ee my \u017eeny se do m\u016f\u017eu zamilov\u00e1v\u00e1me. M\u016f\u017ee milujeme, ale taky nen\u00e1vid\u00edm. J\u00e1","datePublished":"2022-08-17","dateModified":"2022-08-17","author":{"@type":"Person","@id":"https:\/\/www.bebel.cz\/author\/devene\/#Person","name":"devene","url":"https:\/\/www.bebel.cz\/author\/devene\/","identifier":1,"image":{"@type":"ImageObject","@id":"https:\/\/secure.gravatar.com\/avatar\/4eaadff62661a2c38386085c87f88f683e575f9fda122ff8560bf1208996f3c5?s=96&d=mm&r=g","url":"https:\/\/secure.gravatar.com\/avatar\/4eaadff62661a2c38386085c87f88f683e575f9fda122ff8560bf1208996f3c5?s=96&d=mm&r=g","height":96,"width":96}},"publisher":{"@type":"Organization","name":"bebel.cz","logo":{"@type":"ImageObject","@id":"\/logo.png","url":"\/logo.png","width":600,"height":60}},"image":{"@type":"ImageObject","@id":"https:\/\/www.bebel.cz\/wp-content\/uploads\/man-2178721_960_720.jpg","url":"https:\/\/www.bebel.cz\/wp-content\/uploads\/man-2178721_960_720.jpg","height":0,"width":0},"url":"https:\/\/www.bebel.cz\/manzelstvi-a-muzi\/","about":["Mu\u017ei"],"wordCount":429,"articleBody":"Mu\u017ei v\u017edycky pat\u0159ili k na\u0161im \u017eivot\u016fm. A nen\u00ed to jenom od toho, \u017ee my \u017eeny se do m\u016f\u017eu zamilov\u00e1v\u00e1me. M\u016f\u017ee milujeme, ale taky nen\u00e1vid\u00edm. J\u00e1 si pamatuji, kdy byly \u010dasy, kdy se m\u00ed rodi\u010de velmi \u010dasto h\u00e1dali. Taky asi nikdy nezapomenu na to, jak moje maminka v\u017edycky \u0159\u00edkala, \u017ee v\u0161ichni mu\u017ei jsou stejn\u00ed. V t\u00e9 dob\u011b jsem v\u016fbec nech\u00e1pala, jak to moje maminka mysl\u00ed. Pozd\u011bji mi do\u0161lo, \u017ee tat\u00ednka \u00fapln\u011b nesn\u00e1\u0161ela. V\u017edycky maminka \u0159\u00edkala, \u017ee to jsou cel\u00fd mu\u017ei, \u017ee nic nech\u00e1pou, \u017ee jsou v\u0161ichni zl\u00ed a protivn\u00ed. Nerozum\u011bla jsem tomu. Nicm\u00e9n\u011b ale maminka byla v\u017edycky tak moc roz\u010d\u00edlen\u00e1, \u017ee jsem se j\u00ed ani neptala na vysv\u011btlen\u00ed. Rad\u011bji jsem byla r\u00e1da, kdy\u017e moje maminka se uklidnila a byla zase takov\u00e1, jako p\u0159ed h\u00e1dkou. Vadilo m\u011b to. Opravdu m\u011b tr\u00e1pilo, kdy\u017e se moji rodi\u010de mezi sebou h\u00e1dali. A h\u00e1dali se spolu velmi \u010dasto. Mysl\u00edm si, \u017ee nebyl t\u00fdden, aby se nepoh\u00e1dali.Podle m\u00e9ho n\u00e1zoru se h\u00e1dali obden. Ale kdyby to aspo\u0148 byly klasick\u00e9 h\u00e1dky. Jenom\u017ee oni se h\u00e1dali kv\u016fli ka\u017ed\u00e9 blbosti. T\u0159eba se h\u00e1dali, \u017ee maminka ud\u011blala \u0161patn\u011b\u00a0kafe, nebo \u017ee ud\u011blala n\u011bco \u0161patn\u011b, \u017ee umyla \u0161patn\u011b podlahu. No ch\u00e1pete to? Tak se nedivte, \u017ee jsem si ud\u011blala na mu\u017ee taky velmi \u0161patn\u00fd pohled. Mu\u017ei jsou v na\u0161em sv\u011bt\u011b a st\u00e1le budou. Tak\u017ee je \u00fapln\u011b jedno, jak\u00fd jsi na n\u011b, kdo ud\u011bl\u00e1 n\u00e1hled. Pohled na mu\u017ee je r\u016fzn\u00fd a li\u0161\u00ed se. J\u00e1 jsem je d\u0159\u00edve nesn\u00e1\u0161ela, proto\u017ee maminka m\u011b k tomu vedla. Nicm\u00e9n\u011b je to u\u017e ale za mnou a j\u00e1 mu\u017ee beru na milost. Tedy ne samoz\u0159ejm\u011b v\u0161echny. Mus\u00edm \u0159\u00edct, \u017ee jsem se taky setkala s takov\u00fdmi mu\u017ei, kte\u0159\u00ed opravdu st\u00e1li za nic, nebo byli agresivn\u00ed. J\u00e1 m\u00e1m r\u00e1da m\u016f\u017ee, kte\u0159\u00ed jsou d\u017eentlmeni, jsou hlavn\u011b slu\u0161n\u00ed. A taky hlavn\u011b v\u011brn\u00ed, proto\u017ee j\u00e1 nem\u00e1m v pl\u00e1nu se s nik\u00fdm o nikoho d\u011blit. M\u00e1m r\u00e1da mu\u017ee, kte\u0159\u00ed\u00a0maj\u00ed\u00a0srdce na prav\u00e9m m\u00edst\u011b. Proto\u017ee jist\u011b ka\u017ed\u00e1 \u017eena tou\u017e\u00ed po takov\u00e9m mu\u017ei, kter\u00e1 je v jeho o\u010d\u00edch ta prav\u00e1 a ta jedin\u00e1.\u00a0                                                                                                                                                                                                                                                                                                                                                                                        4\/5 - (7 votes)        "},{"@context":"https:\/\/schema.org\/","@type":"BreadcrumbList","itemListElement":[{"@type":"ListItem","position":1,"name":"Man\u017eelstv\u00ed a mu\u017ei","item":"https:\/\/www.bebel.cz\/manzelstvi-a-muzi\/#breadcrumbitem"}]}]