[{"@context":"https:\/\/schema.org\/","@type":"Article","@id":"https:\/\/www.bebel.cz\/bazen-na-osvezeni\/#Article","mainEntityOfPage":"https:\/\/www.bebel.cz\/bazen-na-osvezeni\/","headline":"Baz\u00e9n na osv\u011b\u017een\u00ed","name":"Baz\u00e9n na osv\u011b\u017een\u00ed","description":"Dne\u0161n\u00ed doba je takov\u00e1, \u017ee si ka\u017ed\u00fd chce hlavn\u011b u\u017e\u00edvat, ne\u017e aby m\u011bl n\u011bkdo n\u011bjak\u00e9 starosti. Tak\u00e9 jsem se dozv\u011bd\u011bla, \u017ee hlavn\u011b dne\u0161n\u00ed ml\u00e1de\u017e u\u017e","datePublished":"2023-09-26","dateModified":"2023-10-26","author":{"@type":"Person","@id":"https:\/\/www.bebel.cz\/author\/devene\/#Person","name":"devene","url":"https:\/\/www.bebel.cz\/author\/devene\/","identifier":1,"image":{"@type":"ImageObject","@id":"https:\/\/secure.gravatar.com\/avatar\/4eaadff62661a2c38386085c87f88f683e575f9fda122ff8560bf1208996f3c5?s=96&d=mm&r=g","url":"https:\/\/secure.gravatar.com\/avatar\/4eaadff62661a2c38386085c87f88f683e575f9fda122ff8560bf1208996f3c5?s=96&d=mm&r=g","height":96,"width":96}},"publisher":{"@type":"Organization","name":"bebel.cz","logo":{"@type":"ImageObject","@id":"\/logo.png","url":"\/logo.png","width":600,"height":60}},"image":{"@type":"ImageObject","@id":"https:\/\/www.bebel.cz\/wp-content\/uploads\/pool-5055009_1280.jpg","url":"https:\/\/www.bebel.cz\/wp-content\/uploads\/pool-5055009_1280.jpg","height":0,"width":0},"url":"https:\/\/www.bebel.cz\/bazen-na-osvezeni\/","about":["Produkty"],"wordCount":424,"articleBody":"   Dne\u0161n\u00ed doba je takov\u00e1, \u017ee si ka\u017ed\u00fd chce hlavn\u011b u\u017e\u00edvat, ne\u017e aby m\u011bl n\u011bkdo n\u011bjak\u00e9 starosti. Tak\u00e9 jsem se dozv\u011bd\u011bla, \u017ee hlavn\u011b dne\u0161n\u00ed ml\u00e1de\u017e u\u017e nechce tr\u00e1vit v\u011bt\u0161inu sv\u00e9ho \u017eivota v zam\u011bstn\u00e1n\u00ed, ale abych na druhou stranu \u0159ekla, tak j\u00e1 se tomu v\u016fbec nediv\u00edm, proto\u017ee i kdy\u017e j\u00e1 jsem o hodn\u011b star\u0161\u00ed generace, ne\u017e je ta dne\u0161n\u00ed m\u011b, u\u017e mi bude skoro \u010dty\u0159icet let, tak i tak st\u00e1le si ji chci st\u00e1le u\u017e\u00edvat \u017eivota, nechci tak\u00e9 st\u00e1le sed\u011bt v pr\u00e1ci. J\u00e1 toti\u017e pracuji v bance, kde vlastn\u011b jsem deset hodin denn\u011b a st\u00e1le tam jenom sed\u00edm a v\u017edycky si vyu\u017eiji akor\u00e1t dv\u011b p\u016flhodinov\u00e9 p\u0159est\u00e1vky, kter\u00e9 m\u00e1m na sva\u010dinu a na ob\u011bd. Podle m\u00e9ho n\u00e1zoru je tohle opravdu m\u00e1lo a tak\u00e9 mi to ni\u010d\u00ed moje zdrav\u00ed, a hlavn\u011b z\u00e1da moje z\u00e1da. Jsou u\u017e tak prohnut\u00e1, \u017ee by se na nich dalo jezdit snad n\u011bjak\u00fdmi horsk\u00fdmi koly. Opravdu hodn\u011b m\u011b to nebav\u00ed a cht\u011bla bych zm\u011bnu. A proto jsem r\u00e1da, kdy\u017e jsme se s partnerem kone\u010dn\u011b rozhodli, \u017ee si po\u0159\u00edd\u00edme k n\u00e1m na zahradu plastov\u00fd baz\u00e9n. My jsme necht\u011bli s partnerem nic opravdu velik\u00e9ho, ale sta\u010dil n\u00e1m n\u011bjak\u00fd st\u0159edn\u011b velik\u00fd baz\u00e9n. Partner \u0159ekl, \u017ee kdy\u017e m\u00e1me u\u017e mal\u00e9 d\u011bti, \u017ee by n\u00e1m sta\u010dil opravdu oby\u010dejn\u00fd klasick\u00fd plastov\u00fd baz\u00e9n. Pod\u00edvali jsme se na internet, kde prod\u00e1vaj\u00ed opravdu nejkvalitn\u011bj\u0161\u00ed a nejlevn\u011bj\u0161\u00ed plastov\u00e9 baz\u00e9ny. Na\u0161li jsme r\u016fzn\u00e9 webov\u00e9 str\u00e1nky a tak\u00e9 zna\u010dky, ale nakonec jsme se rozhodli pro takov\u00fd nejmen\u0161\u00ed plastov\u00fd baz\u00e9n. Ten m\u011bl pr\u016fm\u011br dva metry a byl vysok\u00fd osmdes\u00e1t centimetr\u016f a opravdu n\u00e1m to sta\u010dilo. Nav\u00edc i cena tohoto plastov\u00e9ho baz\u00e9nu nebyla nikterak vysok\u00e1, tak\u017ee jsme se s partnerem rozhodli, \u017ee u\u017e m\u00e1me vybr\u00e1no a \u017ee tento baz\u00e9n si po\u0159\u00edd\u00edme. Tak\u00e9 mus\u00edte ale pamatovat na to, \u017ee s baz\u00e9nem tak\u00e9 mus\u00edte po\u0159\u00eddit ur\u010ditou filtraci a tak\u00e9 dal\u0161\u00ed chemii do baz\u00e9nu, aby va\u0161e voda v baz\u00e9nu nebyla ihned zelen\u00e1. Mnoho lid\u00ed toti\u017e chemii nechce, ale pak se div\u00ed, \u017ee jim voda v baz\u00e9nu zap\u00e1ch\u00e1.                                                                                                                                                                                                                                                                                                                                                                                          3.8\/5 - (6 votes)        "},{"@context":"https:\/\/schema.org\/","@type":"BreadcrumbList","itemListElement":[{"@type":"ListItem","position":1,"name":"Baz\u00e9n na osv\u011b\u017een\u00ed","item":"https:\/\/www.bebel.cz\/bazen-na-osvezeni\/#breadcrumbitem"}]}]